{"id":2446,"date":"2025-03-09T20:01:10","date_gmt":"2025-03-09T19:01:10","guid":{"rendered":"https:\/\/www.saengerkranz-alfdorf.de\/?p=2446"},"modified":"2025-03-18T20:02:29","modified_gmt":"2025-03-18T19:02:29","slug":"axel-strobel-herzlichen-glueckwunsch-zum-60-geburtstag","status":"publish","type":"post","link":"https:\/\/www.saengerkranz-alfdorf.de\/?p=2446","title":{"rendered":"Axel Strobel &#8211; Herzlichen Gl\u00fcckwunsch zum 60. Geburtstag"},"content":{"rendered":"<div id=\"attachment_2444\" style=\"width: 260px\" class=\"wp-caption alignleft\"><a href=\"https:\/\/www.saengerkranz-alfdorf.de\/wp-content\/uploads\/2025\/03\/P1000649-Kopie.jpg\"><img loading=\"lazy\" decoding=\"async\" aria-describedby=\"caption-attachment-2444\" src=\"https:\/\/www.saengerkranz-alfdorf.de\/wp-content\/uploads\/2025\/03\/P1000649-Kopie-250x300.jpg\" alt=\"\" width=\"250\" height=\"300\" class=\"size-thumbnail wp-image-2444\" \/><\/a><p id=\"caption-attachment-2444\" class=\"wp-caption-text\">Axel Strobel<\/p><\/div>\n<p><span style=\"color: #000000;\">In diesen Tagen feierte unser Vorstand Axel Strobel seinen 60. Geburtstag. Der S\u00e4ngerkranz gratuliert und w\u00fcnscht ihm alles Gute.<\/span><br \/>\n<span style=\"color: #000000;\">Mit sechzig Jahren geh\u00f6rt man bei den aktiven S\u00e4ngern zu den jungen S\u00e4ngern. Unserem Verein trat er am 1.1.2004 bei und singt seitdem im 2. Bass. Bereits beim 150j\u00e4hrigen Jubil\u00e4um 2008 war seine Unterst\u00fctztung gefragt und er half wo er konnte. Bei der Hauptversammlung 2009 stellte er sich f\u00fcr die Gr\u00fcndung des neuen Vorstands als Dreigestirn, neben Manfred Wolff und Stefan Hientz, zur Verf\u00fcgung. Seit dieser Zeit h\u00e4lt er die Z\u00fcgel f\u00fcr unseren Verein fest in der Hand. Sein Geschick bei Verhandlungen und seine bestimmte Art st\u00fctzen noch heute unseren S\u00e4ngerkranz. Er ist sich f\u00fcr keine Aufgabe zu schade und ist in den letzten Jahren ma\u00dfgeblich bei den Planungen unserer Jahresfeiern beteiligt. Wir haben unserem Axel viel zu verdanken und hoffen dass wir noch viele Jahre mit ihm rechnen d\u00fcrfen. <\/span><br \/>\n<strong><span style=\"color: #000000;\">Wir sagen bei dieser Gelegenheit gerne &#8222;Danke Axel, f\u00fcr deinen unerm\u00fcdlichen Einsatz in unserem Verein und w\u00fcnschen dir und deiner Familie nur das Allerbeste&#8220;.<\/span><\/strong><\/p>\n","protected":false},"excerpt":{"rendered":"<p>In diesen Tagen feierte unser Vorstand Axel Strobel seinen 60. Geburtstag. Der S\u00e4ngerkranz gratuliert und w\u00fcnscht ihm alles Gute. Mit sechzig Jahren geh\u00f6rt man bei den aktiven S\u00e4ngern zu den jungen S\u00e4ngern. Unserem Verein trat er am 1.1.2004 bei und singt seitdem im 2. Bass. Bereits beim 150j\u00e4hrigen Jubil\u00e4um 2008 [&hellip;]<\/p>\n","protected":false},"author":4,"featured_media":0,"comment_status":"closed","ping_status":"closed","sticky":false,"template":"","format":"standard","meta":{"footnotes":""},"categories":[1],"tags":[],"class_list":["post-2446","post","type-post","status-publish","format-standard","hentry","category-allgemein"],"_links":{"self":[{"href":"https:\/\/www.saengerkranz-alfdorf.de\/index.php?rest_route=\/wp\/v2\/posts\/2446","targetHints":{"allow":["GET"]}}],"collection":[{"href":"https:\/\/www.saengerkranz-alfdorf.de\/index.php?rest_route=\/wp\/v2\/posts"}],"about":[{"href":"https:\/\/www.saengerkranz-alfdorf.de\/index.php?rest_route=\/wp\/v2\/types\/post"}],"author":[{"embeddable":true,"href":"https:\/\/www.saengerkranz-alfdorf.de\/index.php?rest_route=\/wp\/v2\/users\/4"}],"replies":[{"embeddable":true,"href":"https:\/\/www.saengerkranz-alfdorf.de\/index.php?rest_route=%2Fwp%2Fv2%2Fcomments&post=2446"}],"version-history":[{"count":5,"href":"https:\/\/www.saengerkranz-alfdorf.de\/index.php?rest_route=\/wp\/v2\/posts\/2446\/revisions"}],"predecessor-version":[{"id":2455,"href":"https:\/\/www.saengerkranz-alfdorf.de\/index.php?rest_route=\/wp\/v2\/posts\/2446\/revisions\/2455"}],"wp:attachment":[{"href":"https:\/\/www.saengerkranz-alfdorf.de\/index.php?rest_route=%2Fwp%2Fv2%2Fmedia&parent=2446"}],"wp:term":[{"taxonomy":"category","embeddable":true,"href":"https:\/\/www.saengerkranz-alfdorf.de\/index.php?rest_route=%2Fwp%2Fv2%2Fcategories&post=2446"},{"taxonomy":"post_tag","embeddable":true,"href":"https:\/\/www.saengerkranz-alfdorf.de\/index.php?rest_route=%2Fwp%2Fv2%2Ftags&post=2446"}],"curies":[{"name":"wp","href":"https:\/\/api.w.org\/{rel}","templated":true}]}}