{"id":2360,"date":"2024-09-08T11:25:32","date_gmt":"2024-09-08T09:25:32","guid":{"rendered":"https:\/\/www.saengerkranz-alfdorf.de\/?p=2360"},"modified":"2024-09-08T11:30:51","modified_gmt":"2024-09-08T09:30:51","slug":"nachruf-fuer-franz-josl","status":"publish","type":"post","link":"https:\/\/www.saengerkranz-alfdorf.de\/?p=2360","title":{"rendered":"Nachruf f\u00fcr Franz Josl"},"content":{"rendered":"<p><span style=\"color: #000000;\"><strong>Wir trauern um unseren S\u00e4ngerkameraden Franz Josl<\/strong><\/span><\/p>\n<p>Wir wurden alle von der traurigen Botschaft \u00fcberrascht, dass unser S\u00e4ngerkamerad Franz Josl verstorben ist. Wir verlieren einen guten S\u00e4nger und einen guten Freund. Seinen letzten Auftritt hatte er mit uns bei der Jahresfeier in diesem Jahr. Wenn wir ihn brauchten stand er bereit und er war ein flei\u00dfiger Besucher in den Chorproben. Leider lie\u00df es seine Gesundheit in letzter Zeit nicht mehr zu. Wir werden unseren Franz nicht vergessen und ihn immer in guter Erinnerung behalten. Unsere Gedanken sind bei seiner Frau und seinen Hinterbliebenen.<\/p>\n<div id=\"attachment_2365\" style=\"width: 501px\" class=\"wp-caption aligncenter\"><a href=\"https:\/\/www.saengerkranz-alfdorf.de\/wp-content\/uploads\/2024\/09\/k-Franz-Josl.jpg\"><img loading=\"lazy\" decoding=\"async\" aria-describedby=\"caption-attachment-2365\" src=\"https:\/\/www.saengerkranz-alfdorf.de\/wp-content\/uploads\/2024\/09\/k-Franz-Josl.jpg\" alt=\"\" width=\"491\" height=\"640\" class=\"wp-image-2365 size-full\" srcset=\"https:\/\/www.saengerkranz-alfdorf.de\/wp-content\/uploads\/2024\/09\/k-Franz-Josl.jpg 491w, https:\/\/www.saengerkranz-alfdorf.de\/wp-content\/uploads\/2024\/09\/k-Franz-Josl-300x391.jpg 300w\" sizes=\"auto, (max-width: 491px) 100vw, 491px\" \/><\/a><p id=\"caption-attachment-2365\" class=\"wp-caption-text\">Franz Josl<\/p><\/div>\n<p style=\"text-align: center;\"><span style=\"color: #000000;\"><strong>\u201eMit dem Tod eines S\u00e4ngerfreundes verliert man vieles,<\/strong><\/span><\/p>\n<p style=\"text-align: center;\"><span style=\"color: #000000;\"><strong>niemals aber die sch\u00f6nen Erinnerungen <\/strong><\/span><\/p>\n<p style=\"text-align: center;\"><span style=\"color: #000000;\"><strong>an die gemeinsam verbrachte Zeit!\u201c<\/strong><\/span><\/p>\n","protected":false},"excerpt":{"rendered":"<p>Wir trauern um unseren S\u00e4ngerkameraden Franz Josl Wir wurden alle von der traurigen Botschaft \u00fcberrascht, dass unser S\u00e4ngerkamerad Franz Josl verstorben ist. Wir verlieren einen guten S\u00e4nger und einen guten Freund. Seinen letzten Auftritt hatte er mit uns bei der Jahresfeier in diesem Jahr. Wenn wir ihn brauchten stand er [&hellip;]<\/p>\n","protected":false},"author":4,"featured_media":0,"comment_status":"closed","ping_status":"closed","sticky":false,"template":"","format":"standard","meta":{"footnotes":""},"categories":[1],"tags":[],"class_list":["post-2360","post","type-post","status-publish","format-standard","hentry","category-allgemein"],"_links":{"self":[{"href":"https:\/\/www.saengerkranz-alfdorf.de\/index.php?rest_route=\/wp\/v2\/posts\/2360","targetHints":{"allow":["GET"]}}],"collection":[{"href":"https:\/\/www.saengerkranz-alfdorf.de\/index.php?rest_route=\/wp\/v2\/posts"}],"about":[{"href":"https:\/\/www.saengerkranz-alfdorf.de\/index.php?rest_route=\/wp\/v2\/types\/post"}],"author":[{"embeddable":true,"href":"https:\/\/www.saengerkranz-alfdorf.de\/index.php?rest_route=\/wp\/v2\/users\/4"}],"replies":[{"embeddable":true,"href":"https:\/\/www.saengerkranz-alfdorf.de\/index.php?rest_route=%2Fwp%2Fv2%2Fcomments&post=2360"}],"version-history":[{"count":5,"href":"https:\/\/www.saengerkranz-alfdorf.de\/index.php?rest_route=\/wp\/v2\/posts\/2360\/revisions"}],"predecessor-version":[{"id":2368,"href":"https:\/\/www.saengerkranz-alfdorf.de\/index.php?rest_route=\/wp\/v2\/posts\/2360\/revisions\/2368"}],"wp:attachment":[{"href":"https:\/\/www.saengerkranz-alfdorf.de\/index.php?rest_route=%2Fwp%2Fv2%2Fmedia&parent=2360"}],"wp:term":[{"taxonomy":"category","embeddable":true,"href":"https:\/\/www.saengerkranz-alfdorf.de\/index.php?rest_route=%2Fwp%2Fv2%2Fcategories&post=2360"},{"taxonomy":"post_tag","embeddable":true,"href":"https:\/\/www.saengerkranz-alfdorf.de\/index.php?rest_route=%2Fwp%2Fv2%2Ftags&post=2360"}],"curies":[{"name":"wp","href":"https:\/\/api.w.org\/{rel}","templated":true}]}}