{"id":1983,"date":"2022-03-15T19:53:27","date_gmt":"2022-03-15T18:53:27","guid":{"rendered":"http:\/\/www.saengerkranz-alfdorf.de\/?p=1983"},"modified":"2022-03-15T19:53:27","modified_gmt":"2022-03-15T18:53:27","slug":"jahresfeier-mit-ernst-mantel-2","status":"publish","type":"post","link":"https:\/\/www.saengerkranz-alfdorf.de\/?p=1983","title":{"rendered":"Jahresfeier mit Ernst Mantel"},"content":{"rendered":"<h6><a href=\"https:\/\/www.saengerkranz-alfdorf.de\/wp-content\/uploads\/2022\/03\/Ernst-Mantel-001.jpg\"><img loading=\"lazy\" decoding=\"async\" src=\"https:\/\/www.saengerkranz-alfdorf.de\/wp-content\/uploads\/2022\/03\/Ernst-Mantel-001-1024x986.jpg\" alt=\"\" class=\"aligncenter size-large wp-image-1980\" width=\"750\" height=\"722\" srcset=\"https:\/\/www.saengerkranz-alfdorf.de\/wp-content\/uploads\/2022\/03\/Ernst-Mantel-001-1024x986.jpg 1024w, https:\/\/www.saengerkranz-alfdorf.de\/wp-content\/uploads\/2022\/03\/Ernst-Mantel-001-300x289.jpg 300w, https:\/\/www.saengerkranz-alfdorf.de\/wp-content\/uploads\/2022\/03\/Ernst-Mantel-001-768x739.jpg 768w, https:\/\/www.saengerkranz-alfdorf.de\/wp-content\/uploads\/2022\/03\/Ernst-Mantel-001.jpg 1185w\" sizes=\"auto, (max-width: 750px) 100vw, 750px\" \/><\/a><span style=\"color: #000000;\"><strong>Jahresfeier mit Ernst Mantel<br \/>\n<\/strong><\/span><span style=\"color: #000000;\">Der Vorverkauf f\u00fcr die Jahresfeier mit dem bekannten Humoristen, Kom\u00f6dianten und Schwabe Ernst Mantel hat begonnen. Der S\u00e4ngerkranz will mit dieser Veranstaltung erneut zeigen, dass Alfdorf auch etwas besonders zu bieten hat. In seinem neuen Solo Programm &#8222;Gell&#8220; bringt der K\u00fcnstler &#8222;Schw\u00e4bisch in H\u00f6chstform&#8220;, so die Meinung der Kritiker. Im Vorprogramm wird der M\u00e4nnerchor des S\u00e4ngerkranzes unter Leitung von Peter Nickel einige seiner besten Lieder vortragen. Die Veranstaltung findet am Samstag, den 30. April 2022 in der renovierten Kultur- und Sporthalle Alfdorf unter den aktuell geltenden Corona-Vorschriften statt. Die Veranstaltung beginnt um 19.00 Uhr (Saal\u00f6ffnung 18.00 Uhr). F\u00fcr das leibliche Wohl ist nat\u00fcrlich auch gesorgt. Karten im Vorverkauf gibt es bei allen S\u00e4ngern, den Vorverkaufsstellen KSK und Voba Alfdorf und unter der Telefonnummer <strong>07172\/329910.<\/strong> Auch per E-mail kann man Karten bestellen: <strong>shientz@gmx.de! <\/strong>Der Vorverkaufspreis betr\u00e4gt 22, &#8212; \u20ac (Abendkasse 25 ,&#8211; \u20ac).<\/span><\/h6>\n","protected":false},"excerpt":{"rendered":"<p>Jahresfeier mit Ernst Mantel Der Vorverkauf f\u00fcr die Jahresfeier mit dem bekannten Humoristen, Kom\u00f6dianten und Schwabe Ernst Mantel hat begonnen. Der S\u00e4ngerkranz will mit dieser Veranstaltung erneut zeigen, dass Alfdorf auch etwas besonders zu bieten hat. In seinem neuen Solo Programm &#8222;Gell&#8220; bringt der K\u00fcnstler &#8222;Schw\u00e4bisch in H\u00f6chstform&#8220;, so die [&hellip;]<\/p>\n","protected":false},"author":4,"featured_media":0,"comment_status":"closed","ping_status":"closed","sticky":false,"template":"","format":"standard","meta":{"footnotes":""},"categories":[1],"tags":[],"class_list":["post-1983","post","type-post","status-publish","format-standard","hentry","category-allgemein"],"_links":{"self":[{"href":"https:\/\/www.saengerkranz-alfdorf.de\/index.php?rest_route=\/wp\/v2\/posts\/1983","targetHints":{"allow":["GET"]}}],"collection":[{"href":"https:\/\/www.saengerkranz-alfdorf.de\/index.php?rest_route=\/wp\/v2\/posts"}],"about":[{"href":"https:\/\/www.saengerkranz-alfdorf.de\/index.php?rest_route=\/wp\/v2\/types\/post"}],"author":[{"embeddable":true,"href":"https:\/\/www.saengerkranz-alfdorf.de\/index.php?rest_route=\/wp\/v2\/users\/4"}],"replies":[{"embeddable":true,"href":"https:\/\/www.saengerkranz-alfdorf.de\/index.php?rest_route=%2Fwp%2Fv2%2Fcomments&post=1983"}],"version-history":[{"count":3,"href":"https:\/\/www.saengerkranz-alfdorf.de\/index.php?rest_route=\/wp\/v2\/posts\/1983\/revisions"}],"predecessor-version":[{"id":1986,"href":"https:\/\/www.saengerkranz-alfdorf.de\/index.php?rest_route=\/wp\/v2\/posts\/1983\/revisions\/1986"}],"wp:attachment":[{"href":"https:\/\/www.saengerkranz-alfdorf.de\/index.php?rest_route=%2Fwp%2Fv2%2Fmedia&parent=1983"}],"wp:term":[{"taxonomy":"category","embeddable":true,"href":"https:\/\/www.saengerkranz-alfdorf.de\/index.php?rest_route=%2Fwp%2Fv2%2Fcategories&post=1983"},{"taxonomy":"post_tag","embeddable":true,"href":"https:\/\/www.saengerkranz-alfdorf.de\/index.php?rest_route=%2Fwp%2Fv2%2Ftags&post=1983"}],"curies":[{"name":"wp","href":"https:\/\/api.w.org\/{rel}","templated":true}]}}