{"id":1836,"date":"2021-02-17T09:52:49","date_gmt":"2021-02-17T08:52:49","guid":{"rendered":"http:\/\/www.saengerkranz-alfdorf.de\/?p=1836"},"modified":"2021-02-17T10:18:05","modified_gmt":"2021-02-17T09:18:05","slug":"nachruf-fuer-rudi-adolf","status":"publish","type":"post","link":"https:\/\/www.saengerkranz-alfdorf.de\/?p=1836","title":{"rendered":"Nachruf f\u00fcr Rudi Adolf"},"content":{"rendered":"<div id=\"attachment_1835\" style=\"width: 228px\" class=\"wp-caption alignleft\"><a href=\"https:\/\/www.saengerkranz-alfdorf.de\/wp-content\/uploads\/2021\/02\/k-Rudi-3-.jpg\"><img loading=\"lazy\" decoding=\"async\" aria-describedby=\"caption-attachment-1835\" src=\"https:\/\/www.saengerkranz-alfdorf.de\/wp-content\/uploads\/2021\/02\/k-Rudi-3--218x300.jpg\" alt=\"\" class=\"size-thumbnail wp-image-1835\" width=\"218\" height=\"300\" \/><\/a><p id=\"caption-attachment-1835\" class=\"wp-caption-text\">Rudi Adolf<\/p><\/div>\n<p>&nbsp;<\/p>\n<p>&nbsp;<\/p>\n<p><span style=\"color: #000000;\"><em><strong>\u201eWenn ein Freund stirbt,<br \/>\n<\/strong><strong>dann ist es so, als verschw\u00e4nde<br \/>\n<\/strong><strong>ein Schiff hinterm Horizont.<br \/>\n<\/strong><strong>Es ist immer noch da,<br \/>\n<\/strong><strong>wir sehen es nur nicht.\u201c<\/strong><\/em><\/span><\/p>\n<p>&nbsp;<\/p>\n<p>&nbsp;<\/p>\n<p>&nbsp;<\/p>\n<p>&nbsp;<\/p>\n<p>&nbsp;<\/p>\n<p>&nbsp;<\/p>\n<p><span style=\"color: #000000;\">Wir trauern um unseren S\u00e4ngerkollegen und Freund Rudi Adolf. Die Nachricht \u00fcber seinen Tod hat unseren Verein in tiefe Trauer versetzt. Wir sind best\u00fcrzt, dass unser Sangesfreund Rudi sich von den Folgen der schweren Krankheit nicht mehr erholen konnte. Es ist f\u00fcr uns alle schwer zu fassen \u2013 noch vor wenigen Wochen, als die Pandemie es zulie\u00df, haben wir gemeinsam in der Reiterhalle in Brech gesungen.<\/span><\/p>\n<p><span style=\"color: #000000;\">Rudi Adolf trat unserem Verein bereits 1979 bei und sang aktiv in unserem Chor bis 2002. Im Oktober 2014 freuten wir uns \u00fcber seine R\u00fcckkehr. Er sang bei nahezu allen Auftritten mit uns und war eine gro\u00dfe stimmliche Unterst\u00fctzung im zweiten Tenor. Sein ruhiges, fr\u00f6hliches und gelassenes Auftreten machten ihn zu einem besonderen Teil unseres S\u00e4ngerkranzes. Wir haben einen guten Freund und S\u00e4ngerkameraden verloren. Wir werden sein Andenken immer in guter Erinnerung bewahren.<\/span><\/p>\n<p><span style=\"color: #000000;\">Der Vorstand<\/span><\/p>\n<p><span style=\"color: #000000;\"><br \/>\n<\/span><span style=\"color: #000000;\"><\/span><\/p>\n<p>&nbsp;<\/p>\n<p>&nbsp;<\/p>\n<p>&nbsp;<\/p>\n<p><span style=\"color: #000000;\">\u00a0<\/span><\/p>\n<p><span style=\"color: #000000;\"><\/span><\/p>\n<p>&nbsp;<\/p>\n<p><span style=\"color: #000000;\"><br \/>\n<\/span><span style=\"color: #000000;\"><\/span><\/p>\n<p>&nbsp;<\/p>\n<p>&nbsp;<\/p>\n<p><span style=\"color: #000000;\"><\/span><\/p>\n<p><span style=\"color: #000000;\"><\/span><\/p>\n","protected":false},"excerpt":{"rendered":"<p>&nbsp; &nbsp; \u201eWenn ein Freund stirbt, dann ist es so, als verschw\u00e4nde ein Schiff hinterm Horizont. Es ist immer noch da, wir sehen es nur nicht.\u201c &nbsp; &nbsp; &nbsp; &nbsp; &nbsp; &nbsp; Wir trauern um unseren S\u00e4ngerkollegen und Freund Rudi Adolf. Die Nachricht \u00fcber seinen Tod hat unseren Verein in [&hellip;]<\/p>\n","protected":false},"author":4,"featured_media":0,"comment_status":"closed","ping_status":"closed","sticky":false,"template":"","format":"standard","meta":{"footnotes":""},"categories":[1],"tags":[],"class_list":["post-1836","post","type-post","status-publish","format-standard","hentry","category-allgemein"],"_links":{"self":[{"href":"https:\/\/www.saengerkranz-alfdorf.de\/index.php?rest_route=\/wp\/v2\/posts\/1836","targetHints":{"allow":["GET"]}}],"collection":[{"href":"https:\/\/www.saengerkranz-alfdorf.de\/index.php?rest_route=\/wp\/v2\/posts"}],"about":[{"href":"https:\/\/www.saengerkranz-alfdorf.de\/index.php?rest_route=\/wp\/v2\/types\/post"}],"author":[{"embeddable":true,"href":"https:\/\/www.saengerkranz-alfdorf.de\/index.php?rest_route=\/wp\/v2\/users\/4"}],"replies":[{"embeddable":true,"href":"https:\/\/www.saengerkranz-alfdorf.de\/index.php?rest_route=%2Fwp%2Fv2%2Fcomments&post=1836"}],"version-history":[{"count":5,"href":"https:\/\/www.saengerkranz-alfdorf.de\/index.php?rest_route=\/wp\/v2\/posts\/1836\/revisions"}],"predecessor-version":[{"id":1854,"href":"https:\/\/www.saengerkranz-alfdorf.de\/index.php?rest_route=\/wp\/v2\/posts\/1836\/revisions\/1854"}],"wp:attachment":[{"href":"https:\/\/www.saengerkranz-alfdorf.de\/index.php?rest_route=%2Fwp%2Fv2%2Fmedia&parent=1836"}],"wp:term":[{"taxonomy":"category","embeddable":true,"href":"https:\/\/www.saengerkranz-alfdorf.de\/index.php?rest_route=%2Fwp%2Fv2%2Fcategories&post=1836"},{"taxonomy":"post_tag","embeddable":true,"href":"https:\/\/www.saengerkranz-alfdorf.de\/index.php?rest_route=%2Fwp%2Fv2%2Ftags&post=1836"}],"curies":[{"name":"wp","href":"https:\/\/api.w.org\/{rel}","templated":true}]}}